{"id":1007,"date":"2020-03-09T17:54:00","date_gmt":"2020-03-09T16:54:00","guid":{"rendered":"http:\/\/parrocchiaracconigimurello.org\/?p=1007"},"modified":"2023-02-17T09:23:21","modified_gmt":"2023-02-17T08:23:21","slug":"corona-virus-disposizioni-della-diocesi","status":"publish","type":"post","link":"https:\/\/parrocchiaracconigimurello.org\/?p=1007","title":{"rendered":"Corona virus: disposizioni della Diocesi"},"content":{"rendered":"\n<p>&#8212;&#8212;&#8211; aggiornamento del 05\/11\/2020<\/p>\n\n\n\n<p><a href=\"https:\/\/drive.google.com\/file\/d\/1KhPFlPeMthrciaobnFVh3kxeAffAedcg\/view?usp=drivesdk\">Scarica il nuovo modulo di autocertificazione<\/a><\/p>\n\n\n\n<p>Riportato da sito della Diocesi <a href=\"https:\/\/www.diocesi.torino.it\/site\/nuovo-dpcm-3-novembre-2020-chiarimenti-dellarcivescovo\/\">(clicca per accedere<\/a>)<\/p>\n\n\n\n<p>Qui di seguito le indicazioni di mons. Nosiglia in riferimento al nuovo Decreto della Presidenza del Consiglio dei Ministri del 3 novembre 2020 con provvedimenti di contrasto all\u2019emergenza sanitaria da covid-19.<\/p>\n\n\n\n<p>\u00abCari sacerdoti,<\/p>\n\n\n\n<p>circa le nuove disposizioni contenute nel DPCM del 3 novembre u.s. relative all\u2019aggravarsi della pandemia anche nella nostra Regione (segnalata come zona rossa), molti domandano chiarimenti sulle celebrazioni liturgiche e le attivit\u00e0 pastorali.<\/p>\n\n\n\n<p>Nel Decreto non c\u2019\u00e8 alcuna nuova richiesta in merito, n\u00e9 dalla CEI \u00e8 giunta alcuna precisazione ufficiale. Pertanto,&nbsp;<strong>nulla \u00e8 stato modificato sul piano delle celebrazioni e della catechesi<\/strong>&nbsp;<strong>che sono consentite<\/strong>. Si tenga presente inoltre che nell\u2019allegato 1 del nuovo DCPM rimane ancora la norma del 7 maggio 2020 circa la sospensione delle Cresime che, per\u00f2, \u00e8 stata superata gi\u00e0 nella precedente intesa CEI.<\/p>\n\n\n\n<p>Di conseguenza:<\/p>\n\n\n\n<ul class=\"wp-block-list\">\n<li>Tutte le&nbsp;<strong>celebrazioni<\/strong>&nbsp;delle messe, dei sacramenti dell\u2019iniziazione cristiana, del matrimonio, delle confessioni, dei funerali in chiesa continuano a essere permesse, tenendo conto delle norme anti-contagio (distanziamento di almeno un metro, mascherina, igienizzazione delle mani e sanificazione del locale). Per i&nbsp;<strong>funerali<\/strong>, oltre la celebrazione in chiesa, \u00e8 consentita anche la benedizione della salma al cimitero, mentre sono vietate le processioni di qualunque tipo.<\/li>\n\n\n\n<li>Tutte le&nbsp;<strong>attivit\u00e0 pastorali<\/strong>&nbsp;programmate (catechesi dell\u2019iniziazione cristiana e di altro tipo, attivit\u00e0 dell\u2019Oratorio ecc.) sono ammesse nel rispetto del protocollo gi\u00e0 pubblicato.<\/li>\n\n\n\n<li>Spetta al Parroco decidere l\u2019eventuale sospensione di particolari attivit\u00e0 o di celebrazioni (soprattutto Cresime e prime Comunioni) qualora vi siano difficolt\u00e0 da parte delle famiglie.<\/li>\n\n\n\n<li>Per quanto attiene agli&nbsp;<strong>altri incontri dei Consigli<\/strong>&nbsp;Pastorali (diocesano e parrocchiali) e Presbiterale o di gruppi pi\u00f9 numerosi \u00e8 bene che al momento siano sospesi o fatti su piattaforma web.<\/li>\n\n\n\n<li>Per quanto riguarda gli&nbsp;<strong>spostamenti<\/strong>&nbsp;non ci sono divieti alla partecipazione dei fedeli alle celebrazioni delle messe (sia feriali che festive), delle cresime (in particolare per i padrini\/madrine), della prima comunione e di altri sacramenti. Non si pu\u00f2 per\u00f2 fare la festa anche a casa con parenti e amici dopo le celebrazioni. \u00c8 anche permesso portare le comunioni ai malati, attenendosi sempre alle norme generali prescritte.<\/li>\n<\/ul>\n\n\n\n<p>Per quanto riguarda i&nbsp;<strong>preti positivi<\/strong>&nbsp;al coronavirus: avvertano tempestivamente il proprio Vicario episcopale e il Moderatore che informeranno il Vescovo e il Vicario generale e cercheranno gli aiuti per le celebrazioni delle Messe e dei funerali, tenendo presente in certi casi di necessit\u00e0 anche la possibilit\u00e0 di celebrare la Liturgia della Parola.<\/p>\n\n\n\n<p>Torino, 5 novembre 2020<\/p>\n\n\n\n<p>&#8212;&#8212;- aggiornamento del 03\/10\/2020 &#8212;&#8212;<\/p>\n\n\n\n<p><em>Documento del 3 ottobre 2020 a cura della Commissione diocesana presieduta dal Vicario generale<\/em><\/p>\n\n\n\n<p>vi rimandiamo al sito ufficiale della Diocesi di Torino per un approfondimento delle direttive generali per la celebrazione delle funzioni e per le attivit\u00e0 in genere delle parrocchie<\/p>\n\n\n\n<p><a href=\"https:\/\/www.diocesi.torino.it\/site\/indicazioni-operative-per-la-ripresa-di-tutte-le-attivita-pastorali-in-diocesi\/\">articolo della Diocesi<\/a><\/p>\n\n\n\n<p>&#8212;&#8212;- aggiornamento del 27\/03\/2020 &#8212;&#8212;-<\/p>\n\n\n\n<p>Dal sito della Diocesi (<a href=\"https:\/\/www.diocesi.torino.it\/site\/chiarimenti-ministero-interno-su-preghiera-in-chiesa-celebrazioni-settimana-santa-e-matrimoni\/\">leggi<\/a>)<\/p>\n\n\n\n<p>Venerd\u00ec 27 marzo 2020 il Ministero dell\u2019Interno (Dipartimento per le libert\u00e0 civili e l\u2019immigrazione \u2013 Dipartimento per gli Affari dei Culti) ha emanato una Nota in risposta ad alcuni quesiti sollevati della Segreteria Generale della Conferenza Episcopale Italiana.<\/p>\n\n\n\n<p>Con forza e a pi\u00f9 riprese, la Segreteria Generale ha rappresentato la posizione della Chiesa e il disagio di molti fedeli, che si sono visti limitare la possibilit\u00e0 di recarsi a pregare in chiesa.<\/p>\n\n\n\n<p>Le urgenze pi\u00f9 rilevanti, attorno alle quali \u00e8 stata chiesta chiarezza, sono sintetizzate nei seguenti punti:<\/p>\n\n\n\n<ol class=\"wp-block-list\">\n<li><strong>\u00c8 consentito a un fedele di uscire di casa, munito di autocertificazione, per recarsi a pregare in chiesa?<\/strong><\/li>\n\n\n\n<li>In vista della Settimana Santa, nell\u2019interlocuzione avuta con la Presidenza del Consiglio dei Ministri si \u00e8 rappresentata la necessit\u00e0 che, per garantire un minimo di dignit\u00e0 alla celebrazione,&nbsp;<strong>accanto al celebrante sia assicurata la partecipazione di un diacono, di chi serve all\u2019altare, oltre che di un lettore, un cantore, un organista e, eventualmente, due operatori per la trasmissione<\/strong>. Su questa linea l\u2019Autorit\u00e0 governativa ha ribadito l\u2019obbligatoriet\u00e0 che siano rispettate le misure sanitarie, a partire dalla distanza fisica. Di fatto, che disposizione dare a queste persone per potersi muovere? Un\u2019autocertificazione?<\/li>\n\n\n\n<li><strong>Come mai si permettono matrimoni in Comune e non in Chiesa?<\/strong><\/li>\n<\/ol>\n\n\n\n<p>Vi invitiamo a scaricare e leggere la Nota di risposta che chiarisce i dubbi sopra esposti (<a href=\"https:\/\/drive.google.com\/open?id=1AaR9ooZSwlr06Xb5fAU1sTlMD1DC0e97\">leggi la Nota del Ministeri degli Interni<\/a>)<\/p>\n\n\n\n<p>&#8212;&#8212; aggiornamento del 09\/03\/2020 &#8212;&#8212;<\/p>\n\n\n\n<p> <em>estratto dal decreto #<a href=\"http:\/\/www.governo.it\/it\/articolo\/decreto-iorestoacasa-domande-frequenti-sulle-misure-adottate-dal-governo\/14278\">IoRestoaCasa<\/a>, domande frequenti sulle misure adottate dal Governo<\/em> &#8230;<\/p>\n\n\n\n<p>Fino al 3 Aprile sono sospese su tutto il territorio nazionale tutte le cerimonie civili e religiose, compresi i funerali. Pertanto \u00e8 sospesa anche la celebrazione della messa e degli altri riti religiosi, come la preghiera del venerd\u00ec mattina per la religione islamica. Sono consentiti l&#8217;apertura e l&#8217;accesso ai luoghi di culto, purch\u00e9 si evitino assembramenti e si assicuri la distanza tra i frequentatori non inferiore a un metro.<\/p>\n\n\n\n<p><a href=\"http:\/\/www.governo.it\/it\/articolo\/decreto-iorestoacasa-domande-frequenti-sulle-misure-adottate-dal-governo\/14278\">(Comunicato del Governo Italiano)<\/a> <\/p>\n\n\n\n<p>&#8212;&#8212;- aggiornamento del 08\/03\/2020 &#8212;&#8212;-<\/p>\n\n\n\n<p><a href=\"https:\/\/www.diocesi.torino.it\/site\/coronavirus-covid-19-messe-sospese-in-tutta-italia\/\">Pagina della diocesi<\/a><\/p>\n\n\n\n<h2 class=\"wp-block-heading\">Coronavirus Covid-19: Messe sospese in tutta Italia<\/h2>\n\n\n\n<p>Comunicato dell\u20198 marzo 2020 dei Vescovi di Piemonte e Valle d\u2019Aosta \u00abfare la propria parte per contribuire alla tutela della salute pubblica\u00bb<\/p>\n\n\n\n<p><em>Pubblichiamo di seguito il comunicato dell\u20198 marzo 2020 della Conferenza episcopale di Piemonte e Valle D\u2019Aosta.<\/em><\/p>\n\n\n\n<p>\u00abVisto il Decreto del Presidente del Consiglio dei Ministri (DPCM 8 marzo 2020) in materia di prevenzione del contagio da COVID-19, condividendo il Comunicato della Conferenza Episcopale Ital0, tutta la Conferenza Episcopale Piemontese, nel segno di una comune solidariet\u00e0 con chi \u00e8 pi\u00f9 provato, stabilisce quanto segue:<\/p>\n\n\n\n<p>CONFERMA<\/p>\n\n\n\n<ul class=\"wp-block-list\">\n<li>tutti i divieti gi\u00e0 precedentemente espressi, ovvero sospensione di ogni attivit\u00e0 pastorale, riunione o altro, a carattere diocesano, zonale, parrocchiale con relativa chiusura degli oratori o luoghi parrocchiali a questo destinati;<\/li>\n\n\n\n<li>invita a lasciar aperte le chiese per la preghiera personale, mettendo a disposizione strumenti di preghiera. Si osservino le misure precauzionali gi\u00e0 indicate.<\/li>\n<\/ul>\n\n\n\n<p>DISPONE:<\/p>\n\n\n\n<ul class=\"wp-block-list\">\n<li>a partire da luned\u00ec 9 marzo siano sospese tutte le celebrazioni delle sante Messe, festive e feriali, le altre celebrazioni liturgiche, riunioni di preghiera e pii esercizi quaresimali. I funerali potranno essere svolti in forma privata con la preghiera di commiato fatta all\u2019aperto, in cimitero;<\/li>\n\n\n\n<li>si sospenda la benedizione delle famiglie;<\/li>\n\n\n\n<li>si rimanga disponibili per ascoltare le confessioni, celebrando il sacramento fuori dal confessionale, tenendosi a debita distanza o con precauzione di idonea mascherina.<\/li>\n<\/ul>\n\n\n\n<p>I Vescovi e i Sacerdoti ricevono con l\u2019ordinazione la grazia e la missione dell\u2019intercessione per il proprio popolo. Sono quindi invitati a celebrare personalmente, a mettere a disposizione strumenti e momenti con i nuovi mezzi della comunicazione per pregare e meditare.<\/p>\n\n\n\n<p>Le comunit\u00e0 a noi affidate sappiano che la sospensione della preghiera comunitaria dell\u2019Eucaristia \u00e8 una grande privazione, possibile solo in un momento di grave pericolo per il bene di tutte le persone, in particolare degli anziani, mentre assicuriamo che preghiamo per loro e con loro.<\/p>\n\n\n\n<p>Le presenti disposizioni entrano in vigore il 9 marzo 2020 e valgono fino a quando non venga disposto diversamente.<\/p>\n\n\n\n<p>Torino, 8 marzo 2020<\/p>\n\n\n\n<p>Mons. Cesare Nosiglia, Presidente CEP<\/p>\n\n\n\n<p>e tutti i Vescovi di Piemonte e Valle d\u2019Aosta\u00bb<\/p>\n\n\n\n<p>&#8212;&#8212;- aggiornamento del 05\/03\/2020 &#8212;&#8212;-<\/p>\n\n\n\n<p><a href=\"https:\/\/www.diocesi.torino.it\/site\/emergenza-coronavirus-nuove-disposizioni-dei-vescovi-del-piemonte-5-marzo-2020\/\">Pagina della Diocesi<\/a><\/p>\n\n\n\n<h2 class=\"wp-block-heading\">Emergenza coronavirus: nuove disposizioni dei Vescovi del Piemonte \u2013 5 marzo 2020<\/h2>\n\n\n\n<p>Fino al 15 marzo sospese le attivit\u00e0 formative e pastorali diocesane, zonali e parrocchiali, in modo particolare quelle concernenti minori, eccetto le celebrazioni liturgiche<\/p>\n\n\n\n<p>\u00abVisto il&nbsp;<a rel=\"noreferrer noopener\" href=\"https:\/\/www.diocesi.torino.it\/wp-content\/uploads\/2020\/03\/decreto_del_presidente_del_consiglio_dei_ministri_-_4_marzo_2020.pdf\" target=\"_blank\">decreto del Presidente del Consiglio dei Ministri emanato il 4 marzo 2020<\/a>&nbsp;e le i<a rel=\"noreferrer noopener\" href=\"https:\/\/www.diocesi.torino.it\/wp-content\/uploads\/2020\/03\/CS_10_2020_Coronavirus_poszione_CEI.pdf\" target=\"_blank\">ndicazioni della Conferenza Episcopale Italiana emanate il 5 marzo 2020<\/a>, i Vescovi della Conferenza Episcopale Piemonte e Valle d\u2019Aosta stabiliscono che<strong>&nbsp;fino al 15 marzo p.v. siano sospese tutte le attivit\u00e0 formative e pastorali diocesane, zonali e parrocchiali, in modo particolare quelle concernenti minori, eccetto le celebrazioni liturgiche e gli appuntamenti di preghiera che caratterizzano il tempo di Quaresima, rispettando le precauzioni gi\u00e0 indicate in precedenza e cio\u00e8 che siano evitati gli assembramenti, sia garantito un accesso contingentato tale da determinare una distanza di almeno 1 metro tra i fedeli presenti all\u2019interno dello stesso luogo di culto.<\/strong><\/p>\n\n\n\n<p>Torino, 5 marzo 2020<\/p>\n\n\n\n<p>Mons. Cesare Nosiglia, Presidente C.E.P.<\/p>\n\n\n\n<p>&#8212;&#8212;- aggiornamento del 29\/02\/2020 &#8212;&#8212;-<\/p>\n\n\n\n<p><a href=\"https:\/\/www.diocesi.torino.it\/site\/consentita-celebrazione-sante-messe-in-tutta-la-regione-piemontese\/\">Pagina della Diocesi<\/a><\/p>\n\n\n\n<h2 class=\"wp-block-heading\">CONSENTITA CELEBRAZIONE Sante Messe in tutta la Regione piemontese<\/h2>\n\n\n\n<p>Domenica 1 marzo 2020 via libera in tutte le diocesi del Piemonte. Attesi aggiornamenti dal 2 marzo in poi. <\/p>\n\n\n\n<p>Il Vicario Generale di Torino a nome dell\u2019Arcivescovo Mons. Cesare Nosiglia comunica quanto segue:<\/p>\n\n\n\n<p>\u00abSentiti il Presidente della Regione e il Prefetto di Torino, si comunica che domani, domenica 1\u00b0 marzo 2020, \u00e8 consentito celebrare le Messe festive in tutta la regione piemontese, rispettando le precauzioni gi\u00e0 indicate in precedenza.<\/p>\n\n\n\n<p>A breve sar\u00e0 pubblicata sul sito della Regione Piemonte una circolare relativa e questi permessi\u00bb.<\/p>\n\n\n\n<p><\/p>\n\n\n\n<p><\/p>\n\n\n\n<p><\/p>\n\n\n\n<p>&#8212;&#8212;- aggiornamento del 24\/2\/2020 &#8212;&#8212;&#8211;<\/p>\n\n\n\n<p><a href=\"https:\/\/www.diocesi.torino.it\/site\/allarme-coronavirus-comunicazione-dellarcivescovo-di-torino-e-susa\/\">Pagina della Diocesi<\/a><\/p>\n\n\n\n<ol class=\"wp-block-list\">\n<li>nella settimana dal 24 al 29 febbraio sono&nbsp;<strong>sospese in tutte le parrocchie le attivit\u00e0 pastorali<\/strong>&nbsp;che prevedano la presenza di gruppi di persone, in particolare sono sospese le attivit\u00e0 del catechismo e quelle di ogni oratorio;<\/li>\n\n\n\n<li>sono anche<strong>&nbsp;sospese tutte le attivit\u00e0 pubbliche a livello di Uffici di Curia<\/strong>&nbsp;(conferenze, convegni e corsi) e a livello di Diocesi.<\/li>\n\n\n\n<li>In seguito alla precisazione della Regione pervenuta circa le \u201cmanifestazioni religiose\u201d, sono&nbsp;<strong>sospese tutte le celebrazioni religiose compresa la S. Messa<\/strong>&nbsp;con concorso di popolo, fino a sabato 29 febbraio compreso.<\/li>\n\n\n\n<li>Circa i funerali si potr\u00e0 prevedere una&nbsp;<strong>benedizione data alla salma presso il cimitero<\/strong>&nbsp;alla presenza dei parenti. La Santa Messa in suffragio si celebrer\u00e0 in data da stabilire in accordo con gli stessi parenti.<\/li>\n\n\n\n<li>Per quanto riguarda<strong>&nbsp;il mercoled\u00ec delle Ceneri si sospenda la celebrazione<\/strong>. Invito le famiglie e ogni cristiano a vivere questa giornata secondo lo spirito quaresimale di preghiera, digiuno e opere di carit\u00e0.<\/li>\n\n\n\n<li>La celebrazione della Messa con imposizione delle Ceneri potr\u00e0 essere spostata a domenica 1\u00b0 marzo, salvo nuove indicazioni che potranno essere date.<\/li>\n<\/ol>\n\n\n\n<p>Torino, 24 febbraio 2020<\/p>\n\n\n\n<p>Mons. Cesare Nosiglia<\/p>\n\n\n\n<p>Arcivescovo di Torino, vescovo di Susa<\/p>\n\n\n\n<p>&#8212;&#8212;- aggiornamento del 23\/2\/2020 &#8212;&#8212;&#8211;<\/p>\n\n\n\n<p>Comunicazione ufficiale: COMUNICAZIONE DELL\u2019ARCIVESCOVO DI TORINO E SUSA<\/p>\n\n\n\n<p>In attenta sintonia con quanto disposto dalle autorit\u00e0 regionali e come misura sanitaria precauzionale nei confronti del diffondersi del corona virus anche nella nostra Regione, sentiti i pareri degli organismi competenti della Curia, l\u2019Arcivescovo di Torino e Amministratore Apostolico di Susa<\/p>\n\n\n\n<p>DISPONE NELLE DIOCESI DI SUA COMPETENZA QUANTO SEGUE:<\/p>\n\n\n\n<ol class=\"wp-block-list\">\n<li>per la settimana dal 24 febbraio al 1\u00b0 marzo sono <strong>sospese in tutte le parrocchie le attivit\u00e0 pastorali <\/strong>che prevedano la presenza di gruppi di persone (eccetto le sante messe), in particolare sono sospese le attivit\u00e0 del catechismo e quelle di ogni oratorio;<\/li>\n\n\n\n<li>sono anche sospese tutte le attivit\u00e0 pubbliche a livello di uffici d curia e a livello di diocesi;<\/li>\n\n\n\n<li>per quanto riguarda le celebrazioni delle SS. Messe feriali e festive si chiede a tutti i fedeli di ricevere la comunione eucaristica in mano (e non direttamente in bocca), di astenersi dal segno della pace e di non usare l\u2019acquasantiera (che andr\u00e0 svuotata);<\/li>\n\n\n\n<li>in riferimento al rito delle Ceneri previsto per mercoled\u00ec 26 febbraio, si impongano le ceneri direttamente sul capo dei fedeli senza alcun contatto fisico e non si facciano celebrazioni per i bambini al fine di tutelarne la salute.<\/li>\n<\/ol>\n\n\n\n<p>Torino, 23 febbraio 2020<\/p>\n\n\n\n<ul class=\"wp-block-list\">\n<li>Cesare Nosiglia\u200b\u200b<br>\nArcivescovo di Torino\u200b<br>\ne Amministratore Apostolico di Susa<\/li>\n<\/ul>\n\n\n3.082 views\n","protected":false},"excerpt":{"rendered":"<p>&#8212;&#8212;&#8211; aggiornamento del 05\/11\/2020 Scarica il nuovo modulo di autocertificazione Riportato da sito della Diocesi (clicca per accedere) Qui di seguito le indicazioni di mons. Nosiglia in riferimento al nuovo Decreto della Presidenza del Consiglio dei Ministri del 3 novembre 2020 con provvedimenti di contrasto all\u2019emergenza sanitaria da covid-19. \u00abCari sacerdoti, circa le nuove disposizioni [&hellip;]<\/p>\n","protected":false},"author":11,"featured_media":1570,"comment_status":"closed","ping_status":"closed","sticky":false,"template":"","format":"standard","meta":{"footnotes":""},"categories":[1,11],"tags":[],"class_list":["post-1007","post","type-post","status-publish","format-standard","has-post-thumbnail","hentry","category-default","category-editoriale"],"views":3082,"_links":{"self":[{"href":"https:\/\/parrocchiaracconigimurello.org\/index.php?rest_route=\/wp\/v2\/posts\/1007","targetHints":{"allow":["GET"]}}],"collection":[{"href":"https:\/\/parrocchiaracconigimurello.org\/index.php?rest_route=\/wp\/v2\/posts"}],"about":[{"href":"https:\/\/parrocchiaracconigimurello.org\/index.php?rest_route=\/wp\/v2\/types\/post"}],"author":[{"embeddable":true,"href":"https:\/\/parrocchiaracconigimurello.org\/index.php?rest_route=\/wp\/v2\/users\/11"}],"replies":[{"embeddable":true,"href":"https:\/\/parrocchiaracconigimurello.org\/index.php?rest_route=%2Fwp%2Fv2%2Fcomments&post=1007"}],"version-history":[{"count":14,"href":"https:\/\/parrocchiaracconigimurello.org\/index.php?rest_route=\/wp\/v2\/posts\/1007\/revisions"}],"predecessor-version":[{"id":3244,"href":"https:\/\/parrocchiaracconigimurello.org\/index.php?rest_route=\/wp\/v2\/posts\/1007\/revisions\/3244"}],"wp:featuredmedia":[{"embeddable":true,"href":"https:\/\/parrocchiaracconigimurello.org\/index.php?rest_route=\/wp\/v2\/media\/1570"}],"wp:attachment":[{"href":"https:\/\/parrocchiaracconigimurello.org\/index.php?rest_route=%2Fwp%2Fv2%2Fmedia&parent=1007"}],"wp:term":[{"taxonomy":"category","embeddable":true,"href":"https:\/\/parrocchiaracconigimurello.org\/index.php?rest_route=%2Fwp%2Fv2%2Fcategories&post=1007"},{"taxonomy":"post_tag","embeddable":true,"href":"https:\/\/parrocchiaracconigimurello.org\/index.php?rest_route=%2Fwp%2Fv2%2Ftags&post=1007"}],"curies":[{"name":"wp","href":"https:\/\/api.w.org\/{rel}","templated":true}]}}