{"id":1073,"date":"2020-03-21T10:37:44","date_gmt":"2020-03-21T09:37:44","guid":{"rendered":"http:\/\/parrocchiaracconigimurello.org\/?p=1073"},"modified":"2020-03-27T19:51:40","modified_gmt":"2020-03-27T18:51:40","slug":"xxxi-giornata-caritas","status":"publish","type":"post","link":"https:\/\/parrocchiaracconigimurello.org\/?p=1073","title":{"rendered":"XXXI GIORNATA CARITAS"},"content":{"rendered":"\n<p>In occasione della &#8220;Giornata Caritas&#8221;, nel quarantesimo compleanno di Caritas diocesana, si sarebbe dovuto tenere un incontro (sabato 21 Marzo) all&#8217;auditorium del Santo Volto a Torino.<\/p>\n\n\n\n<p>Il tema della giornata \u00abServire i piccoli fa diventare grandi\u00bb avrebbe visto anche don Maurilio in veste di relatore, per portare l&#8217;esperienza della nostra parrocchia sul tema &#8220;La carit\u00e0 fa crescere&#8221; declinato nell&#8217;accoglienza e nel servizio che la Parrocchia pu\u00f2 fare verso la realt\u00e0 del Carcere.<\/p>\n\n\n\n<p>La nostra parrocchia, come saprete, da mesi ha dato la propria disponibilit\u00e0 alla collaborazione nel progetto UEPE (Ufficio di Esecuzione Penale Esterna) Si tratta di un progetto teso al reinserimento, tramite i servizi di pubblica attivit\u00e0, delle persone che hanno avuto un momento di sbandamento nella propria vita e che possono scontare la propria pena in modo attivo, venendo reinserite nel tessuto societario con un obbiettivo e non aspettando passivamente il termine pena in un carcere locale.<\/p>\n\n\n\n<p>Don Maurilio \u00e8 stato chiamato a portare questa testimonianza di servizio per coloro che in quel momento sono i &#8220;piccoli&#8221; della nostra societ\u00e0.<\/p>\n\n\n\n<p>Purtroppo, come ben immaginerete, tutto questo uso del condizionale \u00e8 dovuto al fatto che l&#8217;incontro non si \u00e8 tenuto. In ottemperanza con le disposizioni nazionali e con la coscienza civile che ci obbliga ad adottare ogni strumento per evitare la diffusione del virus, anche la Caritas ha ritenuto doveroso non tenere l&#8217;incontro ma senza annullarlo, bens\u00ec dirottando la platea ad un auditorium virtuale. Sfruttando il canale di YouTube e quello editoriale de La Voce e Il Tempo, si \u00e8 potuto dare voce a tutte le esperienze e gli interventi.<\/p>\n\n\n\n<p>Vi proponiamo a questo link la <a href=\"https:\/\/youtu.be\/9NXNPNvwzPk\">relazione di don Maurilio<\/a> e accedendo a <a href=\"https:\/\/www.caritas.torino.it\/page.php?id=137\">questa pagina della Diocesi<\/a> l&#8217;elenco di tutti gli interventi<\/p>\n\n\n\n<figure class=\"wp-block-image size-large is-resized\"><img loading=\"lazy\" decoding=\"async\" src=\"https:\/\/parrocchiaracconigimurello.org\/wp-content\/uploads\/2020\/03\/2bb9a796-a8de-40c7-890d-8d58af954033-751x1024.jpeg\" alt=\"\" class=\"wp-image-1074\" width=\"583\" height=\"794\" srcset=\"https:\/\/parrocchiaracconigimurello.org\/wp-content\/uploads\/2020\/03\/2bb9a796-a8de-40c7-890d-8d58af954033-751x1024.jpeg 751w, https:\/\/parrocchiaracconigimurello.org\/wp-content\/uploads\/2020\/03\/2bb9a796-a8de-40c7-890d-8d58af954033-220x300.jpeg 220w, https:\/\/parrocchiaracconigimurello.org\/wp-content\/uploads\/2020\/03\/2bb9a796-a8de-40c7-890d-8d58af954033-1126x1536.jpeg 1126w, https:\/\/parrocchiaracconigimurello.org\/wp-content\/uploads\/2020\/03\/2bb9a796-a8de-40c7-890d-8d58af954033.jpeg 1173w\" sizes=\"auto, (max-width: 583px) 100vw, 583px\" \/><\/figure>\n","protected":false},"excerpt":{"rendered":"<p>In occasione della &#8220;Giornata Caritas&#8221;, nel quarantesimo compleanno di Caritas diocesana, si sarebbe dovuto tenere un incontro (sabato 21 Marzo) all&#8217;auditorium del Santo Volto a Torino. Il tema della giornata \u00abServire i piccoli fa diventare grandi\u00bb avrebbe visto anche don Maurilio in veste di relatore, per portare l&#8217;esperienza della nostra parrocchia sul tema &#8220;La carit\u00e0 [&hellip;]<\/p>\n","protected":false},"author":11,"featured_media":0,"comment_status":"closed","ping_status":"closed","sticky":false,"template":"","format":"standard","meta":{"footnotes":""},"categories":[1],"tags":[],"class_list":["post-1073","post","type-post","status-publish","format-standard","hentry","category-default"],"views":1315,"_links":{"self":[{"href":"https:\/\/parrocchiaracconigimurello.org\/index.php?rest_route=\/wp\/v2\/posts\/1073","targetHints":{"allow":["GET"]}}],"collection":[{"href":"https:\/\/parrocchiaracconigimurello.org\/index.php?rest_route=\/wp\/v2\/posts"}],"about":[{"href":"https:\/\/parrocchiaracconigimurello.org\/index.php?rest_route=\/wp\/v2\/types\/post"}],"author":[{"embeddable":true,"href":"https:\/\/parrocchiaracconigimurello.org\/index.php?rest_route=\/wp\/v2\/users\/11"}],"replies":[{"embeddable":true,"href":"https:\/\/parrocchiaracconigimurello.org\/index.php?rest_route=%2Fwp%2Fv2%2Fcomments&post=1073"}],"version-history":[{"count":4,"href":"https:\/\/parrocchiaracconigimurello.org\/index.php?rest_route=\/wp\/v2\/posts\/1073\/revisions"}],"predecessor-version":[{"id":1199,"href":"https:\/\/parrocchiaracconigimurello.org\/index.php?rest_route=\/wp\/v2\/posts\/1073\/revisions\/1199"}],"wp:attachment":[{"href":"https:\/\/parrocchiaracconigimurello.org\/index.php?rest_route=%2Fwp%2Fv2%2Fmedia&parent=1073"}],"wp:term":[{"taxonomy":"category","embeddable":true,"href":"https:\/\/parrocchiaracconigimurello.org\/index.php?rest_route=%2Fwp%2Fv2%2Fcategories&post=1073"},{"taxonomy":"post_tag","embeddable":true,"href":"https:\/\/parrocchiaracconigimurello.org\/index.php?rest_route=%2Fwp%2Fv2%2Ftags&post=1073"}],"curies":[{"name":"wp","href":"https:\/\/api.w.org\/{rel}","templated":true}]}}