{"id":2466,"date":"2022-02-21T22:02:35","date_gmt":"2022-02-21T21:02:35","guid":{"rendered":"http:\/\/parrocchiaracconigimurello.org\/?p=2466"},"modified":"2023-02-17T09:27:05","modified_gmt":"2023-02-17T08:27:05","slug":"don-roberto-repole-prossimo-arcivescovo-di-torino-e-vescovo-di-susa","status":"publish","type":"post","link":"https:\/\/parrocchiaracconigimurello.org\/?p=2466","title":{"rendered":"don Roberto Repole, prossimo Arcivescovo di Torino e Vescovo di Susa"},"content":{"rendered":"\n<figure class=\"wp-block-image size-full\"><img loading=\"lazy\" decoding=\"async\" width=\"656\" height=\"492\" src=\"https:\/\/parrocchiaracconigimurello.org\/wp-content\/uploads\/2022\/02\/Don-Repole-1.jpg\" alt=\"\" class=\"wp-image-2468\" srcset=\"https:\/\/parrocchiaracconigimurello.org\/wp-content\/uploads\/2022\/02\/Don-Repole-1.jpg 656w, https:\/\/parrocchiaracconigimurello.org\/wp-content\/uploads\/2022\/02\/Don-Repole-1-300x225.jpg 300w\" sizes=\"auto, (max-width: 656px) 100vw, 656px\" \/><\/figure>\n\n\n\n<p>Sabato 19 Febbraio 2022, nella chiesa della Consolata, il nostro arcivescovo Cesare Nosiglia ha ufficialmente annunciato che il suo successore, per le diocesi di Torino e Susa, sar\u00e0 don Roberto Repole.<\/p>\n\n\n\n<p>Davanti ai giornalisti, ai preti, diaconi, suore e fratelli di ogni ordine, nonch\u00e9 i laici convenuti, don Repole ha pronunciato un significativo messaggio di ringraziamento e saluti che molti volentieri pubblichiamo:<\/p>\n\n\n\n<h3 class=\"has-text-color wp-block-heading\" id=\"saluto-di-don-roberto-repole-in-occasione-dell-annuncio-della-sua-nomina-ad-arcivescovo-di-torino-e-vescovo-di-susa\" style=\"color:#0693e3\">SALUTO DI DON ROBERTO REPOLE,<br>IN OCCASIONE DELL\u2019ANNUNCIO DELLA SUA NOMINA AD ARCIVESCOVO DI TORINO E VESCOVO DI SUSA<\/h3>\n\n\n\n<p><br><strong>Torino, Santuario della Consolata, 19 febbraio 2022<\/strong><\/p>\n\n\n\n<p><br>Carissime sorelle e carissimi fratelli, tutti: religiose e religiosi, laiche e lai-ci, diaconi e presbiteri.<br>Come potete anche solo immaginare, ho il cuore colmo di emozione e all\u2019interno c\u2019\u00e8 un guazzabuglio di sentimenti. Vi \u00e8 certamente una profonda e intensa gratitudine al Signore, che mi invita ancora una volta e in maniera sempre pi\u00f9 radicale alla sua sequela e al dono di me; e al carissimo papa Francesco, che mi ha scelto con un atto di grandissima fiducia. Ma confesso anche che in questi giorni ho dovuto combattere con l\u2019ansia, sempre frutto del Nemico quando ci separa da Cristo e dai fratelli e ci fa sentire soli.<br>Al di sotto per\u00f2 delle onde di superficie, se scendo nel profondo, laddove lo Spirito Santo mi abita, trovo una pace profonda.<br>Mi consolano in particolare tre cose.<br>La prima \u00e8 che io sono certo di non aver mai cercato in alcun modo un ministero come quello che oggi mi viene affidato. Ho avuto la grazia in questi anni di avere tantissimi contatti, che mi hanno arricchito nel mio percorso teologico e nella mia vita di fede. Ma ho sempre incontrato le persone per quello che erano, senza secondi fini. E per questo, la mia nomina ad arcivescovo di Torino e vescovo di Susa era umanamente del tutto imprevedibile. Non pu\u00f2 essere opera semplicisticamente umana. Nella fede la leggo come l\u2019opera della fantasia e dell\u2019estro dello Spirito. E vivo allora sicuro che come la mano di Dio non mi ha mai abbandonato in questi anni e come, anzi, la sua presenza si \u00e8 fatta con il tempo sempre pi\u00f9 intensa, cos\u00ec continuer\u00e0 ad affiancare i miei passi. Sono con Lui; e questo \u00e8 anche ci\u00f2 che desidero sempre di pi\u00f9, quello che pi\u00f9 davvero mi interessa nella vita.<br>E poi ho la grande grazia di dover servire due Chiese che conosco, pur in modo evidentemente diverso.<br>E anche voi conoscete me, con i doni che il Signore ha voluto farmi nella sua immensa bont\u00e0 e con i miei limiti. La Chiesa di Torino \u00e8 la mia Chiesa, tanto amata. \u00c8 qui che ho ricevuto il dono pi\u00f9 bello di tutti, quello della fede, quello della compagnia di Cristo. Penso con profonda gratitudine a tutte le sorelle e i fratelli che sono stati e sono per me la testimonianza di Cristo vivente e del suo amore. Penso a voi, con i quali camminiamo insieme; e penso a quelli che sono gi\u00e0 nel Signore. Ci sono anche loro, anche oggi, qui. Gabriel Marcel faceva dire ad un personaggio del suo teatro che se il mondo fosse abitato solo da quelli che noi consideriamo i viventi, l\u2019aria sarebbe semplicemente irrespirabile. Questo \u00e8 particolarmente vero per la Chiesa. <\/p>\n\n\n\n<p>La Chiesa di Susa ho avuto modo di conoscerla, invece, soprattutto attraverso diversi incontri di<br>formazione e di ritiro dei preti. Ne ho sempre raccolto la sensazione di una comunit\u00e0 in cui, con semplicit\u00e0, si serve il Signore e ci si vuole bene.<br>Ecco, mi consola sapere che lo Spirito \u00e8 gi\u00e0 potentemente all\u2019opera e la Chiesa c\u2019\u00e8 gi\u00e0. Io vi svolger\u00f2 un ministero e offrir\u00f2 quello che umanamente potr\u00f2 dare. Ma ci saranno altri ministeri e soprattutto ci saremo tutti noi, una cosa sola in Cristo. Le Chiese di Torino e di Susa non hanno solo un glorioso passato, hanno un presente, dove Dio \u00e8 all\u2019opera perch\u00e9 il Vangelo raggiunga davvero tutti; e per questo, tale presente pu\u00f2 essere persino stimolante e avvincente.<br>Mi consola, infine, sapere che come cristiani non siamo certamente una potenza, n\u00e9 dobbiamo esserlo.<br>Non abbiamo da offrire a queste nostre citt\u00e0 nulla di tutto ci\u00f2 che esse possono trovare gi\u00e0 altrove e in abbondanza. Possiamo offrire, per\u00f2, quello che nella nostra povert\u00e0 Cristo ha deposto e depone continuamente in noi: la straripante bellezza del Vangelo, che pu\u00f2 generare senso di vita per i pi\u00f9 giovani, sollievo e compagnia per i pi\u00f9 anziani, vicinanza e cura per i malati, accoglienza ospitale per tutti i poveri e gli emarginati. <br>Con questi sentimenti, ringrazio ancora di cuore il Santo Padre, e ringrazio l\u2019arcivescovo Cesare Nosiglia, per tutto l\u2019impegno che ha profuso e quello che ancora deve offrire per qualche mese (senza mettere limiti per il prosieguo). Ci affidiamo tutti alla Vergine Consolata, perch\u00e9 continui a suggerirci quello  <br>che Cristo ci chiede. <br>Vi voglio bene, confido tantissimo nel vostro bene e nella misericordia che ci useremo gli uni gli altri. <br>Ringrazio sin d&#8217;ora le Autorit\u00e0 civili e militari, confidando in una buona collaborazione. Sicuramente avremo modo nei prossimi mesi di incontrarci e di iniziare un dialogo proficuo. <br>Mi scuso sin da adesso con i giornalisti presenti, se non aggiungo altro a questo saluto. Avremo modo di incontrarci in un clima pi\u00f9 calmo rispetto alle emozioni di questi giorni e poterci cos\u00ec parlare. <\/p>\n\n\n\n<p class=\"has-text-align-left\">Grazie di cuore! <\/p>\n\n\n\n<p class=\"has-text-align-right\"><br>Don Roberto Repole<\/p>\n","protected":false},"excerpt":{"rendered":"<p>Sabato 19 Febbraio 2022, nella chiesa della Consolata, il nostro arcivescovo Cesare Nosiglia ha ufficialmente annunciato che il suo successore, per le diocesi di Torino e Susa, sar\u00e0 don Roberto Repole. Davanti ai giornalisti, ai preti, diaconi, suore e fratelli di ogni ordine, nonch\u00e9 i laici convenuti, don Repole ha pronunciato un significativo messaggio di [&hellip;]<\/p>\n","protected":false},"author":11,"featured_media":2471,"comment_status":"closed","ping_status":"closed","sticky":false,"template":"","format":"standard","meta":{"footnotes":""},"categories":[],"tags":[],"class_list":["post-2466","post","type-post","status-publish","format-standard","has-post-thumbnail","hentry"],"views":1086,"_links":{"self":[{"href":"https:\/\/parrocchiaracconigimurello.org\/index.php?rest_route=\/wp\/v2\/posts\/2466","targetHints":{"allow":["GET"]}}],"collection":[{"href":"https:\/\/parrocchiaracconigimurello.org\/index.php?rest_route=\/wp\/v2\/posts"}],"about":[{"href":"https:\/\/parrocchiaracconigimurello.org\/index.php?rest_route=\/wp\/v2\/types\/post"}],"author":[{"embeddable":true,"href":"https:\/\/parrocchiaracconigimurello.org\/index.php?rest_route=\/wp\/v2\/users\/11"}],"replies":[{"embeddable":true,"href":"https:\/\/parrocchiaracconigimurello.org\/index.php?rest_route=%2Fwp%2Fv2%2Fcomments&post=2466"}],"version-history":[{"count":1,"href":"https:\/\/parrocchiaracconigimurello.org\/index.php?rest_route=\/wp\/v2\/posts\/2466\/revisions"}],"predecessor-version":[{"id":2470,"href":"https:\/\/parrocchiaracconigimurello.org\/index.php?rest_route=\/wp\/v2\/posts\/2466\/revisions\/2470"}],"wp:featuredmedia":[{"embeddable":true,"href":"https:\/\/parrocchiaracconigimurello.org\/index.php?rest_route=\/wp\/v2\/media\/2471"}],"wp:attachment":[{"href":"https:\/\/parrocchiaracconigimurello.org\/index.php?rest_route=%2Fwp%2Fv2%2Fmedia&parent=2466"}],"wp:term":[{"taxonomy":"category","embeddable":true,"href":"https:\/\/parrocchiaracconigimurello.org\/index.php?rest_route=%2Fwp%2Fv2%2Fcategories&post=2466"},{"taxonomy":"post_tag","embeddable":true,"href":"https:\/\/parrocchiaracconigimurello.org\/index.php?rest_route=%2Fwp%2Fv2%2Ftags&post=2466"}],"curies":[{"name":"wp","href":"https:\/\/api.w.org\/{rel}","templated":true}]}}