{"id":4350,"date":"2025-03-08T22:34:10","date_gmt":"2025-03-08T21:34:10","guid":{"rendered":"http:\/\/parrocchiaracconigimurello.org\/?p=4350"},"modified":"2025-03-21T21:16:04","modified_gmt":"2025-03-21T20:16:04","slug":"quaresima-di-fraternita-2025","status":"publish","type":"post","link":"https:\/\/parrocchiaracconigimurello.org\/?p=4350","title":{"rendered":"Quaresima di fraternit\u00e0 &#8211; 2025"},"content":{"rendered":"\n<figure class=\"wp-block-image size-full\"><img loading=\"lazy\" decoding=\"async\" width=\"921\" height=\"822\" src=\"https:\/\/parrocchiaracconigimurello.org\/wp-content\/uploads\/2025\/03\/quaresima-fraternita-2025.png\" alt=\"\" class=\"wp-image-4351\" srcset=\"https:\/\/parrocchiaracconigimurello.org\/wp-content\/uploads\/2025\/03\/quaresima-fraternita-2025.png 921w, https:\/\/parrocchiaracconigimurello.org\/wp-content\/uploads\/2025\/03\/quaresima-fraternita-2025-300x268.png 300w, https:\/\/parrocchiaracconigimurello.org\/wp-content\/uploads\/2025\/03\/quaresima-fraternita-2025-768x685.png 768w\" sizes=\"auto, (max-width: 921px) 100vw, 921px\" \/><\/figure>\n\n\n\n<p><\/p>\n\n\n\n<figure class=\"wp-block-embed is-type-video is-provider-youtube wp-block-embed-youtube wp-embed-aspect-16-9 wp-has-aspect-ratio\"><div class=\"wp-block-embed__wrapper\">\n<iframe loading=\"lazy\" title=\"Gaza, Caritas stanzia 700 mila euro per cibo, medicine e alloggi\" width=\"640\" height=\"360\" src=\"https:\/\/www.youtube.com\/embed\/e67AukG_JlY?feature=oembed\" frameborder=\"0\" allow=\"accelerometer; autoplay; clipboard-write; encrypted-media; gyroscope; picture-in-picture; web-share\" referrerpolicy=\"strict-origin-when-cross-origin\" allowfullscreen><\/iframe>\n<\/div><\/figure>\n\n\n\n<p>L\u2019attuale gravissima crisi del Medio Oriente, iniziata nell\u2019ottobre del 2023, sta vivendo una nuova fase, che se da un lato offre segni di speranza, dall\u2019altro lascia molte inquietudini e dispiega la portata del dramma che la popolazione di Siria, Libano e della Terra Santa vive ormai da troppo tempo. Gli elementi positivi sono le tregue in Libano e a Gaza, che finalmente stanno permettendo un po\u2019 di sollievo alla popolazione ma anche un maggiore impegno nell\u2019assistenza umanitaria, in sicurezza per gli operatori. Purtroppo, non si tratta di pace, che \u00e8 ancora molto lontana. Si continua a morire sotto le bombe e in scontri a fuoco a Gaza, in Libano ma soprattutto in Cisgiordania, dove in questa fase si \u00e8 spostato l\u2019asse delle operazioni militari israeliane. Dall\u2019inizio dell\u2019anno sono stati uccisi 53 palestinesi, tra cui otto bambini. Al 30 gennaio si contano circa 20.000 sfollati, soprattutto dall\u2019area di Jenin. Si tratta quindi di una tregua fragile, accompagnata da varie violazioni e minacce di interruzione, e soprattutto senza un piano su come proseguire al termine del periodo di tregua.<br>Un altro elemento positivo riguarda la storica caduta del regime degli Al Assad in Siria, dopo 54 di dittatura, corruzione, repressione politica e privazione dei diritti fondamentali per i cittadini siriani. Questo<br>evento incredibile per la velocit\u00e0 in cui si \u00e8 dispiegato, e sicuramente positivo, purtroppo non \u00e8 stato<br>il frutto di un processo democratico e partecipato ma di un\u2019azione armata di un gruppo di miliziani<br>jihadisti (HTS). Per fortuna non c\u2019\u00e8 stato il bagno di sangue che si temeva, ma ora al controllo del paese<br>c\u2019\u00e8 una nuova leadership di origini jihadiste e integraliste, che nonostante le promesse di tolleranza e<br>democrazia, lascia molte ombre sul futuro del paese. La caduta del regime sta inoltre scoperchiando<br>gli orrori del regime e della guerra, riaprendo ferite e conflitti che potrebbero generare nuova violenza.<br>In tutti e tre questi contesti, Terra Santa, Libano e Siria, si vive quindi una situazione di forte contrasto,<br>tra gioia e dolore, speranza e paura.<\/p>\n\n\n\n<p><br><strong>L\u2019IMPEGNO DELLA RETE DI CARITAS ITALIANA<\/strong><br>In tutti e tre questi contesti Caritas Italiana \u00e8 presente e attiva a supporto delle Caritas sorelle che sono<br>abbastanza solide e strutturate, in grado di progettare e implementare progetti anche di grandi dimensioni. In particolare, in Libano, ma anche in Siria e in Terra Santa. L\u2019impegno \u00e8 quindi rivolto a 3<br>principali settori di intervento:<br>1. sostegno finanziario a progetti di aiuto d\u2019urgenza e di riabilitazione (socioeconomica, psicosociale, di<br>strutture educative e sanitarie). In particolare, in Terra Santa con la tregua \u00e8 stato lanciato un nuovo<br>ampio piano di aiuti d\u2019urgenza a Gaza e in Cisgiordania che ha come focus l\u2019assistenza sanitaria, il sostegno economico, il supporto psicosociale e la fornitura di protesi.<br>2. accompagnamento tecnico e rafforzamento di capacit\u00e0: in particolare per Caritas Siria, ma anche<br>Libano e Gerusalemme soprattutto per la promozione della pace;<br>3. informazione, sensibilizzazione, advocacy rivolta in particolare alle diocesi italiane.<br>Nella regione sono presenti due operatori di Caritas Italiana in Siria e un operatore in Giordania, dove entro a breve sar\u00e0 raggiunto da due Corpi Civili di Pace.<\/p>\n\n\n\n<p><br><strong>COMUNICATO STAMPA DELLA CARITAS ITALIANA IN DATA 24 GENNAIO<\/strong><br>Un intervento cofinanziato da Caritas Italiana con un nuovo stanziamento di 700.000 euro. \u201cI fondi \u2013 spiega il direttore don Marco Pagniello \u2013 provengono, e proverranno, dalla colletta che coinvolge le comunit\u00e0 parrocchiali e le diocesi di tutta Italia.<br>Nella Quaresima di Fraternit\u00e0 di quest\u2019anno vorremmo coinvolgere le nostre comunit\u00e0 in questo<br>progetto di giustizia mondiale.<br>Nei mesi passati Caritas Italiana \u00e8 stata in costante relazione con Caritas Gerusalemme che \u00e8 stata<br>sempre presente anche a Gaza. Di fronte a situazioni come quella in Terra Santa, che purtroppo \u00e8 la<br>manifestazione di una conflittualit\u00e0 globale molto pi\u00f9 diffusa, ci rendiamo conto di come in questo nostro<br>mondo tutto sia connesso. Ci\u00f2 ci spinge a ribadire la necessit\u00e0 della tutela dei diritti di tutti \u2013 non solo<br>a Gaza ma ovunque uomini e donne si trovino in difficolt\u00e0<br><br><\/p>\n","protected":false},"excerpt":{"rendered":"<p>L\u2019attuale gravissima crisi del Medio Oriente, iniziata nell\u2019ottobre del 2023, sta vivendo una nuova fase, che se da un lato offre segni di speranza, dall\u2019altro lascia molte inquietudini e dispiega la portata del dramma che la popolazione di Siria, Libano e della Terra Santa vive ormai da troppo tempo. Gli elementi positivi sono le tregue [&hellip;]<\/p>\n","protected":false},"author":11,"featured_media":0,"comment_status":"closed","ping_status":"closed","sticky":false,"template":"","format":"standard","meta":{"footnotes":""},"categories":[1,11,9],"tags":[],"class_list":["post-4350","post","type-post","status-publish","format-standard","hentry","category-default","category-editoriale","category-evidenza"],"views":1238,"_links":{"self":[{"href":"https:\/\/parrocchiaracconigimurello.org\/index.php?rest_route=\/wp\/v2\/posts\/4350","targetHints":{"allow":["GET"]}}],"collection":[{"href":"https:\/\/parrocchiaracconigimurello.org\/index.php?rest_route=\/wp\/v2\/posts"}],"about":[{"href":"https:\/\/parrocchiaracconigimurello.org\/index.php?rest_route=\/wp\/v2\/types\/post"}],"author":[{"embeddable":true,"href":"https:\/\/parrocchiaracconigimurello.org\/index.php?rest_route=\/wp\/v2\/users\/11"}],"replies":[{"embeddable":true,"href":"https:\/\/parrocchiaracconigimurello.org\/index.php?rest_route=%2Fwp%2Fv2%2Fcomments&post=4350"}],"version-history":[{"count":2,"href":"https:\/\/parrocchiaracconigimurello.org\/index.php?rest_route=\/wp\/v2\/posts\/4350\/revisions"}],"predecessor-version":[{"id":4358,"href":"https:\/\/parrocchiaracconigimurello.org\/index.php?rest_route=\/wp\/v2\/posts\/4350\/revisions\/4358"}],"wp:attachment":[{"href":"https:\/\/parrocchiaracconigimurello.org\/index.php?rest_route=%2Fwp%2Fv2%2Fmedia&parent=4350"}],"wp:term":[{"taxonomy":"category","embeddable":true,"href":"https:\/\/parrocchiaracconigimurello.org\/index.php?rest_route=%2Fwp%2Fv2%2Fcategories&post=4350"},{"taxonomy":"post_tag","embeddable":true,"href":"https:\/\/parrocchiaracconigimurello.org\/index.php?rest_route=%2Fwp%2Fv2%2Ftags&post=4350"}],"curies":[{"name":"wp","href":"https:\/\/api.w.org\/{rel}","templated":true}]}}